{"id":461,"global_id":"franco-tyrolien.at\/wordpress?id=461","global_id_lineage":["franco-tyrolien.at\/wordpress?id=461"],"author":"1","status":"publish","date":"2015-08-23 19:45:55","date_utc":"2015-08-23 17:45:55","modified":"2015-09-27 22:11:51","modified_utc":"2015-09-27 20:11:51","url":"http:\/\/franco-tyrolien.at\/wordpress\/event\/excursion-avent\/","rest_url":"http:\/\/franco-tyrolien.at\/wordpress\/wp-json\/tribe\/events\/v1\/events\/461","title":"Christkindlmarkt \/ Excursion et March\u00e9 de No\u00ebl","description":"<p>Wir machen einen Ausflug nach Meran, Nach einer\u00a0F\u00fchrung durch die Stadt besuchen wir den\u00a0Christkindlmarkt..<\/p>\n<p>F\u00fcr Mitglierder.<\/p>\n<p>Anmeldung bis 10. November.<\/p>\n<p>Detaillierte\u00a0Informationen werden sp\u00e4ter bekannt gegeben.<\/p>\n<p>Wir freuen uns auf Ihr Kommen!<\/p>\n<p>&nbsp;<\/p>\n<p><span style=\"color: #666699;\"><em>Nous faisons une excursion \u00e0 Meran. Apr\u00e8s une visite de la ville \u00a0avec une guide, nous irons faire un tour au\u00a0\u00a0march\u00e9 de Noel.<\/em><\/span><\/p>\n<p><span style=\"color: #666699;\"><em>r\u00e9serv\u00e9 aux adh\u00e9rents.<\/em><\/span><\/p>\n<p><span style=\"color: #666699;\"><em>Inscription jusqu&#8217;au 10 novembre.<\/em><\/span><\/p>\n<p><span style=\"color: #666699;\"><em>Nous nous r\u00e9jouissons de votre venue !<\/em><\/span><\/p>","excerpt":"","slug":"excursion-avent","image":false,"all_day":true,"start_date":"2015-11-28 00:00:00","start_date_details":{"year":"2015","month":"11","day":"28","hour":"00","minutes":"00","seconds":"00"},"end_date":"2015-11-28 23:59:59","end_date_details":{"year":"2015","month":"11","day":"28","hour":"23","minutes":"59","seconds":"59"},"utc_start_date":"2015-11-27 23:00:00","utc_start_date_details":{"year":"2015","month":"11","day":"27","hour":"23","minutes":"00","seconds":"00"},"utc_end_date":"2015-11-28 22:59:59","utc_end_date_details":{"year":"2015","month":"11","day":"28","hour":"22","minutes":"59","seconds":"59"},"timezone":"Europe\/Berlin","timezone_abbr":"CET","cost":"","cost_details":{"currency_symbol":"","currency_code":"","currency_position":"suffix","values":[]},"website":"","show_map":true,"show_map_link":true,"hide_from_listings":false,"sticky":false,"featured":false,"categories":[],"tags":[],"venue":{"id":786,"author":"1","status":"publish","date":"2015-09-22 22:48:14","date_utc":"2015-09-22 20:48:14","modified":"2015-09-22 22:48:14","modified_utc":"2015-09-22 20:48:14","url":"http:\/\/franco-tyrolien.at\/wordpress\/veranstaltungsort\/meran\/","venue":"Meran","slug":"meran","city":"Meran","zip":"6020","phone":"+43 677 611 01 873","json_ld":{"@type":"Place","name":"Meran","description":"","url":"","address":{"@type":"PostalAddress","addressLocality":"Meran","postalCode":"6020"},"telephone":"+43 677 611 01 873","sameAs":""},"show_map":true,"show_map_link":true,"global_id":"franco-tyrolien.at\/wordpress?id=786","global_id_lineage":["franco-tyrolien.at\/wordpress?id=786"]},"organizer":[{"id":290,"author":"1","status":"publish","date":"2015-08-17 20:32:31","date_utc":"2015-08-17 18:32:31","modified":"2015-09-20 22:25:01","modified_utc":"2015-09-20 20:25:01","url":"http:\/\/franco-tyrolien.at\/wordpress\/veranstalter\/institut-franco-tyrolien-dinnsbruck\/","organizer":"Institut franco-tyrolien d&#8217;Innsbruck","slug":"institut-franco-tyrolien-dinnsbruck","phone":"+43 677 611 01 873","website":"http:\/\/franco-tyrolien.at","json_ld":{"@type":"Person","name":"Institut franco-tyrolien d&#8217;Innsbruck","description":"","url":"http:\/\/franco-tyrolien.at","telephone":"+43 677 611 01 873","email":"","sameAs":"http:\/\/franco-tyrolien.at"},"global_id":"franco-tyrolien.at\/wordpress?id=290","global_id_lineage":["franco-tyrolien.at\/wordpress?id=290"]}],"custom_fields":[],"json_ld":{"@context":"http:\/\/schema.org","@type":"Event","name":"Christkindlmarkt \/ Excursion et March\u00e9 de No\u00ebl","description":"&lt;p&gt;Wir machen einen Ausflug nach Meran, Nach einer\u00a0F\u00fchrung durch die Stadt besuchen wir den\u00a0Christkindlmarkt.. F\u00fcr Mitglierder. Anmeldung bis 10. November. Detaillierte\u00a0Informationen werden sp\u00e4ter bekannt gegeben. Wir freuen uns auf Ihr [&hellip;]&lt;\/p&gt;\\n","url":"http:\/\/franco-tyrolien.at\/wordpress\/event\/excursion-avent\/","eventAttendanceMode":"https:\/\/schema.org\/OfflineEventAttendanceMode","eventStatus":"https:\/\/schema.org\/EventScheduled","startDate":"2015-11-28T00:00:00+01:00","endDate":"2015-11-28T23:59:59+01:00","location":{"@type":"Place","name":"Meran","description":"","url":"","address":{"@type":"PostalAddress","addressLocality":"Meran","postalCode":"6020"},"telephone":"+43 677 611 01 873","sameAs":""},"organizer":{"@type":"Person","name":"Institut franco-tyrolien d&#8217;Innsbruck","description":"","url":"http:\/\/franco-tyrolien.at","telephone":"+43 677 611 01 873","email":"","sameAs":"http:\/\/franco-tyrolien.at"},"performer":"Organization"}}